{"id":1503,"date":"2019-07-11T09:22:56","date_gmt":"2019-07-11T09:22:56","guid":{"rendered":"http:\/\/george2.univnt.ro\/?p=1503"},"modified":"2023-03-07T10:24:18","modified_gmt":"2023-03-07T10:24:18","slug":"referendum-on-the-method-of-appointing-the-rector-of-the-university","status":"publish","type":"post","link":"https:\/\/constant.univnt.ro\/index.php\/en\/referendum-on-the-method-of-appointing-the-rector-of-the-university\/","title":{"rendered":"REFERENDUM ON THE METHOD OF APPOINTING THE RECTOR OF THE UNIVERSITY"},"content":{"rendered":"<p>Please note that on September 16, 2019, between 8.00-16.00, the Referendum on the method of appointing the Rector of the &#8220;Nicolae Titulescu&#8221; University will take place. In accordance with art. 209 of the Romanian Education Act, &#8220;(1) The Rector is appointed by one of the following methods: a) by public competition, based on a methodology approved by the newly elected university senate or b) by universal, direct and secret suffrage of all tenured teaching and research staff within the university, as well as student representatives in the university senate and faculty councils. (2) The method of appointing the rector of the university, whichever of the two under par. (1), is established at least six months before each appointment of the rector by universal, direct and secret suffrage of all tenured teaching and research staff within the university, as well as student representatives in the university senate and faculty councils &#8220;.<\/p>\n","protected":false},"excerpt":{"rendered":"<p>Please note that on September 16, 2019, between 8.00-16.00, the Referendum on the method of appointing the Rector of the &#8220;Nicolae Titulescu&#8221; University will take place. In accordance with art. 209 of the Romanian Education Act, &#8220;(1) The Rector is appointed by one of the following methods: a) by public competition, based on a methodology [&hellip;]<\/p>\n","protected":false},"author":1,"featured_media":0,"comment_status":"open","ping_status":"open","sticky":false,"template":"","format":"standard","meta":[],"categories":[156],"tags":[],"yoast_head":"<!-- This site is optimized with the Yoast SEO plugin v20.2.1 - https:\/\/yoast.com\/wordpress\/plugins\/seo\/ -->\n<title>REFERENDUM ON THE METHOD OF APPOINTING THE RECTOR OF THE UNIVERSITY - CONSTANT - Conferin\u0163a studen\u0163easc\u0103 anual\u0103 &quot;Nicolae Titulescu&quot;<\/title>\n<meta name=\"robots\" content=\"noindex, follow, max-snippet:-1, max-image-preview:large, max-video-preview:-1\" \/>\n<meta property=\"og:locale\" content=\"en_US\" \/>\n<meta property=\"og:type\" content=\"article\" \/>\n<meta property=\"og:title\" content=\"REFERENDUM ON THE METHOD OF APPOINTING THE RECTOR OF THE UNIVERSITY - CONSTANT - Conferin\u0163a studen\u0163easc\u0103 anual\u0103 &quot;Nicolae Titulescu&quot;\" \/>\n<meta property=\"og:description\" content=\"Please note that on September 16, 2019, between 8.00-16.00, the Referendum on the method of appointing the Rector of the &#8220;Nicolae Titulescu&#8221; University will take place. In accordance with art. 209 of the Romanian Education Act, &#8220;(1) The Rector is appointed by one of the following methods: a) by public competition, based on a methodology [&hellip;]\" \/>\n<meta property=\"og:url\" content=\"https:\/\/constant.univnt.ro\/index.php\/en\/referendum-on-the-method-of-appointing-the-rector-of-the-university\/\" \/>\n<meta property=\"og:site_name\" content=\"CONSTANT - Conferin\u0163a studen\u0163easc\u0103 anual\u0103 &quot;Nicolae Titulescu&quot;\" \/>\n<meta property=\"article:published_time\" content=\"2019-07-11T09:22:56+00:00\" \/>\n<meta property=\"article:modified_time\" content=\"2023-03-07T10:24:18+00:00\" \/>\n<meta name=\"author\" content=\"adming2\" \/>\n<meta name=\"twitter:card\" content=\"summary_large_image\" \/>\n<meta name=\"twitter:label1\" content=\"Written by\" \/>\n\t<meta name=\"twitter:data1\" content=\"adming2\" \/>\n<script type=\"application\/ld+json\" class=\"yoast-schema-graph\">{\"@context\":\"https:\/\/schema.org\",\"@graph\":[{\"@type\":\"Article\",\"@id\":\"https:\/\/constant.univnt.ro\/index.php\/en\/referendum-on-the-method-of-appointing-the-rector-of-the-university\/#article\",\"isPartOf\":{\"@id\":\"https:\/\/constant.univnt.ro\/index.php\/en\/referendum-on-the-method-of-appointing-the-rector-of-the-university\/\"},\"author\":{\"name\":\"adming2\",\"@id\":\"https:\/\/constant.univnt.ro\/#\/schema\/person\/8495346b278de103e6976b978b6eec43\"},\"headline\":\"REFERENDUM ON THE METHOD OF APPOINTING THE RECTOR OF THE UNIVERSITY\",\"datePublished\":\"2019-07-11T09:22:56+00:00\",\"dateModified\":\"2023-03-07T10:24:18+00:00\",\"mainEntityOfPage\":{\"@id\":\"https:\/\/constant.univnt.ro\/index.php\/en\/referendum-on-the-method-of-appointing-the-rector-of-the-university\/\"},\"wordCount\":154,\"commentCount\":0,\"publisher\":{\"@id\":\"https:\/\/constant.univnt.ro\/#organization\"},\"articleSection\":[\"News\"],\"inLanguage\":\"en-US\",\"potentialAction\":[{\"@type\":\"CommentAction\",\"name\":\"Comment\",\"target\":[\"https:\/\/constant.univnt.ro\/index.php\/en\/referendum-on-the-method-of-appointing-the-rector-of-the-university\/#respond\"]}]},{\"@type\":\"WebPage\",\"@id\":\"https:\/\/constant.univnt.ro\/index.php\/en\/referendum-on-the-method-of-appointing-the-rector-of-the-university\/\",\"url\":\"https:\/\/constant.univnt.ro\/index.php\/en\/referendum-on-the-method-of-appointing-the-rector-of-the-university\/\",\"name\":\"REFERENDUM ON THE METHOD OF APPOINTING THE RECTOR OF THE UNIVERSITY - CONSTANT - Conferin\u0163a studen\u0163easc\u0103 anual\u0103 &quot;Nicolae Titulescu&quot;\",\"isPartOf\":{\"@id\":\"https:\/\/constant.univnt.ro\/#website\"},\"datePublished\":\"2019-07-11T09:22:56+00:00\",\"dateModified\":\"2023-03-07T10:24:18+00:00\",\"breadcrumb\":{\"@id\":\"https:\/\/constant.univnt.ro\/index.php\/en\/referendum-on-the-method-of-appointing-the-rector-of-the-university\/#breadcrumb\"},\"inLanguage\":\"en-US\",\"potentialAction\":[{\"@type\":\"ReadAction\",\"target\":[\"https:\/\/constant.univnt.ro\/index.php\/en\/referendum-on-the-method-of-appointing-the-rector-of-the-university\/\"]}]},{\"@type\":\"BreadcrumbList\",\"@id\":\"https:\/\/constant.univnt.ro\/index.php\/en\/referendum-on-the-method-of-appointing-the-rector-of-the-university\/#breadcrumb\",\"itemListElement\":[{\"@type\":\"ListItem\",\"position\":1,\"name\":\"Acas\u0103\",\"item\":\"https:\/\/constant.univnt.ro\/\"},{\"@type\":\"ListItem\",\"position\":2,\"name\":\"REFERENDUM ON THE METHOD OF APPOINTING THE RECTOR OF THE UNIVERSITY\"}]},{\"@type\":\"WebSite\",\"@id\":\"https:\/\/constant.univnt.ro\/#website\",\"url\":\"https:\/\/constant.univnt.ro\/\",\"name\":\"CONSTANT - Conferin\u0163a studen\u0163easc\u0103 anual\u0103 &quot;Nicolae Titulescu&quot;\",\"description\":\"Conferin\u0163a studen\u0163easc\u0103 anual\u0103 &quot;Nicolae Titulescu&quot; CONSTANT\",\"publisher\":{\"@id\":\"https:\/\/constant.univnt.ro\/#organization\"},\"potentialAction\":[{\"@type\":\"SearchAction\",\"target\":{\"@type\":\"EntryPoint\",\"urlTemplate\":\"https:\/\/constant.univnt.ro\/?s={search_term_string}\"},\"query-input\":\"required name=search_term_string\"}],\"inLanguage\":\"en-US\"},{\"@type\":\"Organization\",\"@id\":\"https:\/\/constant.univnt.ro\/#organization\",\"name\":\"CONSTANT - Conferin\u0163a studen\u0163easc\u0103 anual\u0103 &quot;Nicolae Titulescu&quot;\",\"url\":\"https:\/\/constant.univnt.ro\/\",\"logo\":{\"@type\":\"ImageObject\",\"inLanguage\":\"en-US\",\"@id\":\"https:\/\/constant.univnt.ro\/#\/schema\/logo\/image\/\",\"url\":\"https:\/\/constant.univnt.ro\/wp-content\/uploads\/2022\/12\/cropped-logo-univnt.png\",\"contentUrl\":\"https:\/\/constant.univnt.ro\/wp-content\/uploads\/2022\/12\/cropped-logo-univnt.png\",\"width\":190,\"height\":190,\"caption\":\"CONSTANT - Conferin\u0163a studen\u0163easc\u0103 anual\u0103 &quot;Nicolae Titulescu&quot;\"},\"image\":{\"@id\":\"https:\/\/constant.univnt.ro\/#\/schema\/logo\/image\/\"}},{\"@type\":\"Person\",\"@id\":\"https:\/\/constant.univnt.ro\/#\/schema\/person\/8495346b278de103e6976b978b6eec43\",\"name\":\"adming2\",\"image\":{\"@type\":\"ImageObject\",\"inLanguage\":\"en-US\",\"@id\":\"https:\/\/constant.univnt.ro\/#\/schema\/person\/image\/\",\"url\":\"https:\/\/secure.gravatar.com\/avatar\/16d62d173eccc9d708a85833db3cd968?s=96&d=mm&r=g\",\"contentUrl\":\"https:\/\/secure.gravatar.com\/avatar\/16d62d173eccc9d708a85833db3cd968?s=96&d=mm&r=g\",\"caption\":\"adming2\"},\"sameAs\":[\"http:\/\/constant.univnt.ro\"],\"url\":\"https:\/\/constant.univnt.ro\/index.php\/author\/adming2\/\"}]}<\/script>\n<!-- \/ Yoast SEO plugin. -->","yoast_head_json":{"title":"REFERENDUM ON THE METHOD OF APPOINTING THE RECTOR OF THE UNIVERSITY - CONSTANT - Conferin\u0163a studen\u0163easc\u0103 anual\u0103 &quot;Nicolae Titulescu&quot;","robots":{"index":"noindex","follow":"follow","max-snippet":"max-snippet:-1","max-image-preview":"max-image-preview:large","max-video-preview":"max-video-preview:-1"},"og_locale":"en_US","og_type":"article","og_title":"REFERENDUM ON THE METHOD OF APPOINTING THE RECTOR OF THE UNIVERSITY - CONSTANT - Conferin\u0163a studen\u0163easc\u0103 anual\u0103 &quot;Nicolae Titulescu&quot;","og_description":"Please note that on September 16, 2019, between 8.00-16.00, the Referendum on the method of appointing the Rector of the &#8220;Nicolae Titulescu&#8221; University will take place. In accordance with art. 209 of the Romanian Education Act, &#8220;(1) The Rector is appointed by one of the following methods: a) by public competition, based on a methodology [&hellip;]","og_url":"https:\/\/constant.univnt.ro\/index.php\/en\/referendum-on-the-method-of-appointing-the-rector-of-the-university\/","og_site_name":"CONSTANT - Conferin\u0163a studen\u0163easc\u0103 anual\u0103 &quot;Nicolae Titulescu&quot;","article_published_time":"2019-07-11T09:22:56+00:00","article_modified_time":"2023-03-07T10:24:18+00:00","author":"adming2","twitter_card":"summary_large_image","twitter_misc":{"Written by":"adming2"},"schema":{"@context":"https:\/\/schema.org","@graph":[{"@type":"Article","@id":"https:\/\/constant.univnt.ro\/index.php\/en\/referendum-on-the-method-of-appointing-the-rector-of-the-university\/#article","isPartOf":{"@id":"https:\/\/constant.univnt.ro\/index.php\/en\/referendum-on-the-method-of-appointing-the-rector-of-the-university\/"},"author":{"name":"adming2","@id":"https:\/\/constant.univnt.ro\/#\/schema\/person\/8495346b278de103e6976b978b6eec43"},"headline":"REFERENDUM ON THE METHOD OF APPOINTING THE RECTOR OF THE UNIVERSITY","datePublished":"2019-07-11T09:22:56+00:00","dateModified":"2023-03-07T10:24:18+00:00","mainEntityOfPage":{"@id":"https:\/\/constant.univnt.ro\/index.php\/en\/referendum-on-the-method-of-appointing-the-rector-of-the-university\/"},"wordCount":154,"commentCount":0,"publisher":{"@id":"https:\/\/constant.univnt.ro\/#organization"},"articleSection":["News"],"inLanguage":"en-US","potentialAction":[{"@type":"CommentAction","name":"Comment","target":["https:\/\/constant.univnt.ro\/index.php\/en\/referendum-on-the-method-of-appointing-the-rector-of-the-university\/#respond"]}]},{"@type":"WebPage","@id":"https:\/\/constant.univnt.ro\/index.php\/en\/referendum-on-the-method-of-appointing-the-rector-of-the-university\/","url":"https:\/\/constant.univnt.ro\/index.php\/en\/referendum-on-the-method-of-appointing-the-rector-of-the-university\/","name":"REFERENDUM ON THE METHOD OF APPOINTING THE RECTOR OF THE UNIVERSITY - CONSTANT - Conferin\u0163a studen\u0163easc\u0103 anual\u0103 &quot;Nicolae Titulescu&quot;","isPartOf":{"@id":"https:\/\/constant.univnt.ro\/#website"},"datePublished":"2019-07-11T09:22:56+00:00","dateModified":"2023-03-07T10:24:18+00:00","breadcrumb":{"@id":"https:\/\/constant.univnt.ro\/index.php\/en\/referendum-on-the-method-of-appointing-the-rector-of-the-university\/#breadcrumb"},"inLanguage":"en-US","potentialAction":[{"@type":"ReadAction","target":["https:\/\/constant.univnt.ro\/index.php\/en\/referendum-on-the-method-of-appointing-the-rector-of-the-university\/"]}]},{"@type":"BreadcrumbList","@id":"https:\/\/constant.univnt.ro\/index.php\/en\/referendum-on-the-method-of-appointing-the-rector-of-the-university\/#breadcrumb","itemListElement":[{"@type":"ListItem","position":1,"name":"Acas\u0103","item":"https:\/\/constant.univnt.ro\/"},{"@type":"ListItem","position":2,"name":"REFERENDUM ON THE METHOD OF APPOINTING THE RECTOR OF THE UNIVERSITY"}]},{"@type":"WebSite","@id":"https:\/\/constant.univnt.ro\/#website","url":"https:\/\/constant.univnt.ro\/","name":"CONSTANT - Conferin\u0163a studen\u0163easc\u0103 anual\u0103 &quot;Nicolae Titulescu&quot;","description":"Conferin\u0163a studen\u0163easc\u0103 anual\u0103 &quot;Nicolae Titulescu&quot; CONSTANT","publisher":{"@id":"https:\/\/constant.univnt.ro\/#organization"},"potentialAction":[{"@type":"SearchAction","target":{"@type":"EntryPoint","urlTemplate":"https:\/\/constant.univnt.ro\/?s={search_term_string}"},"query-input":"required name=search_term_string"}],"inLanguage":"en-US"},{"@type":"Organization","@id":"https:\/\/constant.univnt.ro\/#organization","name":"CONSTANT - Conferin\u0163a studen\u0163easc\u0103 anual\u0103 &quot;Nicolae Titulescu&quot;","url":"https:\/\/constant.univnt.ro\/","logo":{"@type":"ImageObject","inLanguage":"en-US","@id":"https:\/\/constant.univnt.ro\/#\/schema\/logo\/image\/","url":"https:\/\/constant.univnt.ro\/wp-content\/uploads\/2022\/12\/cropped-logo-univnt.png","contentUrl":"https:\/\/constant.univnt.ro\/wp-content\/uploads\/2022\/12\/cropped-logo-univnt.png","width":190,"height":190,"caption":"CONSTANT - Conferin\u0163a studen\u0163easc\u0103 anual\u0103 &quot;Nicolae Titulescu&quot;"},"image":{"@id":"https:\/\/constant.univnt.ro\/#\/schema\/logo\/image\/"}},{"@type":"Person","@id":"https:\/\/constant.univnt.ro\/#\/schema\/person\/8495346b278de103e6976b978b6eec43","name":"adming2","image":{"@type":"ImageObject","inLanguage":"en-US","@id":"https:\/\/constant.univnt.ro\/#\/schema\/person\/image\/","url":"https:\/\/secure.gravatar.com\/avatar\/16d62d173eccc9d708a85833db3cd968?s=96&d=mm&r=g","contentUrl":"https:\/\/secure.gravatar.com\/avatar\/16d62d173eccc9d708a85833db3cd968?s=96&d=mm&r=g","caption":"adming2"},"sameAs":["http:\/\/constant.univnt.ro"],"url":"https:\/\/constant.univnt.ro\/index.php\/author\/adming2\/"}]}},"_links":{"self":[{"href":"https:\/\/constant.univnt.ro\/index.php\/wp-json\/wp\/v2\/posts\/1503"}],"collection":[{"href":"https:\/\/constant.univnt.ro\/index.php\/wp-json\/wp\/v2\/posts"}],"about":[{"href":"https:\/\/constant.univnt.ro\/index.php\/wp-json\/wp\/v2\/types\/post"}],"author":[{"embeddable":true,"href":"https:\/\/constant.univnt.ro\/index.php\/wp-json\/wp\/v2\/users\/1"}],"replies":[{"embeddable":true,"href":"https:\/\/constant.univnt.ro\/index.php\/wp-json\/wp\/v2\/comments?post=1503"}],"version-history":[{"count":1,"href":"https:\/\/constant.univnt.ro\/index.php\/wp-json\/wp\/v2\/posts\/1503\/revisions"}],"predecessor-version":[{"id":1504,"href":"https:\/\/constant.univnt.ro\/index.php\/wp-json\/wp\/v2\/posts\/1503\/revisions\/1504"}],"wp:attachment":[{"href":"https:\/\/constant.univnt.ro\/index.php\/wp-json\/wp\/v2\/media?parent=1503"}],"wp:term":[{"taxonomy":"category","embeddable":true,"href":"https:\/\/constant.univnt.ro\/index.php\/wp-json\/wp\/v2\/categories?post=1503"},{"taxonomy":"post_tag","embeddable":true,"href":"https:\/\/constant.univnt.ro\/index.php\/wp-json\/wp\/v2\/tags?post=1503"}],"curies":[{"name":"wp","href":"https:\/\/api.w.org\/{rel}","templated":true}]}}