{"id":1281,"date":"2019-07-11T09:22:56","date_gmt":"2019-07-11T09:22:56","guid":{"rendered":"http:\/\/george2.univnt.ro\/?p=1281"},"modified":"2023-03-03T12:16:58","modified_gmt":"2023-03-03T12:16:58","slug":"referendum-privind-modalitatea-de-desemnare-a-rectorului-universitatii","status":"publish","type":"post","link":"https:\/\/constant.univnt.ro\/index.php\/referendum-privind-modalitatea-de-desemnare-a-rectorului-universitatii\/","title":{"rendered":"REFERENDUM PRIVIND MODALITATEA DE DESEMNARE A RECTORULUI UNIVERSIT\u0102\u021aII"},"content":{"rendered":"<p>V\u0103 inform\u0103m c\u0103 \u00een data de 16 septembrie 2019, \u00een intervalul orar 8.00-16.00, se va desf\u0103\u0219ura Referendumul privind modalitatea de desemnare a rectorului universit\u0103\u021bii. \u00cen conformitate cu dispozi\u021biile art. 209 din Legea educa\u021biei na\u021bionale nr 1\/2011, \u201c(1) Rectorul se desemneaz\u0103 prin una dintre urm\u0103toarele modalit\u0103\u0163i: a) pe baza unui concurs public, \u00een baza unei metodologii aprobate de senatul universitar nou-ales sau b) prin votul universal, direct \u015fi secret al tuturor cadrelor didactice \u015fi de cercetare titulare din cadrul universit\u0103\u0163ii \u015fi al reprezentan\u0163ilor studen\u0163ilor din senatul universitar \u015fi din consiliile facult\u0103\u0163ilor. (2) Modalitatea de desemnare a rectorului, dintre cele prev\u0103zute la alin. (1), se stabile\u015fte cu minimum 6 luni \u00eenainte de fiecare desemnare a rectorului, prin votul universal, direct \u015fi secret al tuturor cadrelor didactice \u015fi de cercetare titulare din cadrul universit\u0103\u0163ii \u015fi al reprezentan\u0163ilor studen\u0163ilor din senatul universitar \u015fi din consiliile facult\u0103\u0163ilor\u201d.<\/p>\n","protected":false},"excerpt":{"rendered":"<p>V\u0103 inform\u0103m c\u0103 \u00een data de 16 septembrie 2019, \u00een intervalul orar 8.00-16.00, se va desf\u0103\u0219ura Referendumul privind modalitatea de desemnare a rectorului universit\u0103\u021bii. \u00cen conformitate cu dispozi\u021biile art. 209 din Legea educa\u021biei na\u021bionale nr 1\/2011, \u201c(1) Rectorul se desemneaz\u0103 prin una dintre urm\u0103toarele modalit\u0103\u0163i: a) pe baza unui concurs public, \u00een baza unei metodologii [&hellip;]<\/p>\n","protected":false},"author":1,"featured_media":0,"comment_status":"open","ping_status":"open","sticky":false,"template":"","format":"standard","meta":[],"categories":[133],"tags":[],"yoast_head":"<!-- This site is optimized with the Yoast SEO plugin v20.2.1 - https:\/\/yoast.com\/wordpress\/plugins\/seo\/ -->\n<title>REFERENDUM PRIVIND MODALITATEA DE DESEMNARE A RECTORULUI UNIVERSIT\u0102\u021aII - CONSTANT - Conferin\u0163a studen\u0163easc\u0103 anual\u0103 &quot;Nicolae Titulescu&quot;<\/title>\n<meta name=\"robots\" content=\"noindex, follow, max-snippet:-1, max-image-preview:large, max-video-preview:-1\" \/>\n<meta property=\"og:locale\" content=\"en_US\" \/>\n<meta property=\"og:type\" content=\"article\" \/>\n<meta property=\"og:title\" content=\"REFERENDUM PRIVIND MODALITATEA DE DESEMNARE A RECTORULUI UNIVERSIT\u0102\u021aII - CONSTANT - Conferin\u0163a studen\u0163easc\u0103 anual\u0103 &quot;Nicolae Titulescu&quot;\" \/>\n<meta property=\"og:description\" content=\"V\u0103 inform\u0103m c\u0103 \u00een data de 16 septembrie 2019, \u00een intervalul orar 8.00-16.00, se va desf\u0103\u0219ura Referendumul privind modalitatea de desemnare a rectorului universit\u0103\u021bii. \u00cen conformitate cu dispozi\u021biile art. 209 din Legea educa\u021biei na\u021bionale nr 1\/2011, \u201c(1) Rectorul se desemneaz\u0103 prin una dintre urm\u0103toarele modalit\u0103\u0163i: a) pe baza unui concurs public, \u00een baza unei metodologii [&hellip;]\" \/>\n<meta property=\"og:url\" content=\"https:\/\/constant.univnt.ro\/index.php\/referendum-privind-modalitatea-de-desemnare-a-rectorului-universitatii\/\" \/>\n<meta property=\"og:site_name\" content=\"CONSTANT - Conferin\u0163a studen\u0163easc\u0103 anual\u0103 &quot;Nicolae Titulescu&quot;\" \/>\n<meta property=\"article:published_time\" content=\"2019-07-11T09:22:56+00:00\" \/>\n<meta property=\"article:modified_time\" content=\"2023-03-03T12:16:58+00:00\" \/>\n<meta name=\"author\" content=\"adming2\" \/>\n<meta name=\"twitter:card\" content=\"summary_large_image\" \/>\n<meta name=\"twitter:label1\" content=\"Written by\" \/>\n\t<meta name=\"twitter:data1\" content=\"adming2\" \/>\n\t<meta name=\"twitter:label2\" content=\"Est. reading time\" \/>\n\t<meta name=\"twitter:data2\" content=\"1 minute\" \/>\n<script type=\"application\/ld+json\" class=\"yoast-schema-graph\">{\"@context\":\"https:\/\/schema.org\",\"@graph\":[{\"@type\":\"Article\",\"@id\":\"https:\/\/constant.univnt.ro\/index.php\/referendum-privind-modalitatea-de-desemnare-a-rectorului-universitatii\/#article\",\"isPartOf\":{\"@id\":\"https:\/\/constant.univnt.ro\/index.php\/referendum-privind-modalitatea-de-desemnare-a-rectorului-universitatii\/\"},\"author\":{\"name\":\"adming2\",\"@id\":\"https:\/\/constant.univnt.ro\/#\/schema\/person\/8495346b278de103e6976b978b6eec43\"},\"headline\":\"REFERENDUM PRIVIND MODALITATEA DE DESEMNARE A RECTORULUI UNIVERSIT\u0102\u021aII\",\"datePublished\":\"2019-07-11T09:22:56+00:00\",\"dateModified\":\"2023-03-03T12:16:58+00:00\",\"mainEntityOfPage\":{\"@id\":\"https:\/\/constant.univnt.ro\/index.php\/referendum-privind-modalitatea-de-desemnare-a-rectorului-universitatii\/\"},\"wordCount\":161,\"commentCount\":0,\"publisher\":{\"@id\":\"https:\/\/constant.univnt.ro\/#organization\"},\"articleSection\":[\"Stiri\"],\"inLanguage\":\"en-US\",\"potentialAction\":[{\"@type\":\"CommentAction\",\"name\":\"Comment\",\"target\":[\"https:\/\/constant.univnt.ro\/index.php\/referendum-privind-modalitatea-de-desemnare-a-rectorului-universitatii\/#respond\"]}]},{\"@type\":\"WebPage\",\"@id\":\"https:\/\/constant.univnt.ro\/index.php\/referendum-privind-modalitatea-de-desemnare-a-rectorului-universitatii\/\",\"url\":\"https:\/\/constant.univnt.ro\/index.php\/referendum-privind-modalitatea-de-desemnare-a-rectorului-universitatii\/\",\"name\":\"REFERENDUM PRIVIND MODALITATEA DE DESEMNARE A RECTORULUI UNIVERSIT\u0102\u021aII - CONSTANT - Conferin\u0163a studen\u0163easc\u0103 anual\u0103 &quot;Nicolae Titulescu&quot;\",\"isPartOf\":{\"@id\":\"https:\/\/constant.univnt.ro\/#website\"},\"datePublished\":\"2019-07-11T09:22:56+00:00\",\"dateModified\":\"2023-03-03T12:16:58+00:00\",\"breadcrumb\":{\"@id\":\"https:\/\/constant.univnt.ro\/index.php\/referendum-privind-modalitatea-de-desemnare-a-rectorului-universitatii\/#breadcrumb\"},\"inLanguage\":\"en-US\",\"potentialAction\":[{\"@type\":\"ReadAction\",\"target\":[\"https:\/\/constant.univnt.ro\/index.php\/referendum-privind-modalitatea-de-desemnare-a-rectorului-universitatii\/\"]}]},{\"@type\":\"BreadcrumbList\",\"@id\":\"https:\/\/constant.univnt.ro\/index.php\/referendum-privind-modalitatea-de-desemnare-a-rectorului-universitatii\/#breadcrumb\",\"itemListElement\":[{\"@type\":\"ListItem\",\"position\":1,\"name\":\"Acas\u0103\",\"item\":\"https:\/\/constant.univnt.ro\/\"},{\"@type\":\"ListItem\",\"position\":2,\"name\":\"REFERENDUM PRIVIND MODALITATEA DE DESEMNARE A RECTORULUI UNIVERSIT\u0102\u021aII\"}]},{\"@type\":\"WebSite\",\"@id\":\"https:\/\/constant.univnt.ro\/#website\",\"url\":\"https:\/\/constant.univnt.ro\/\",\"name\":\"CONSTANT - Conferin\u0163a studen\u0163easc\u0103 anual\u0103 &quot;Nicolae Titulescu&quot;\",\"description\":\"Conferin\u0163a studen\u0163easc\u0103 anual\u0103 &quot;Nicolae Titulescu&quot; CONSTANT\",\"publisher\":{\"@id\":\"https:\/\/constant.univnt.ro\/#organization\"},\"potentialAction\":[{\"@type\":\"SearchAction\",\"target\":{\"@type\":\"EntryPoint\",\"urlTemplate\":\"https:\/\/constant.univnt.ro\/?s={search_term_string}\"},\"query-input\":\"required name=search_term_string\"}],\"inLanguage\":\"en-US\"},{\"@type\":\"Organization\",\"@id\":\"https:\/\/constant.univnt.ro\/#organization\",\"name\":\"CONSTANT - Conferin\u0163a studen\u0163easc\u0103 anual\u0103 &quot;Nicolae Titulescu&quot;\",\"url\":\"https:\/\/constant.univnt.ro\/\",\"logo\":{\"@type\":\"ImageObject\",\"inLanguage\":\"en-US\",\"@id\":\"https:\/\/constant.univnt.ro\/#\/schema\/logo\/image\/\",\"url\":\"https:\/\/constant.univnt.ro\/wp-content\/uploads\/2022\/12\/cropped-logo-univnt.png\",\"contentUrl\":\"https:\/\/constant.univnt.ro\/wp-content\/uploads\/2022\/12\/cropped-logo-univnt.png\",\"width\":190,\"height\":190,\"caption\":\"CONSTANT - Conferin\u0163a studen\u0163easc\u0103 anual\u0103 &quot;Nicolae Titulescu&quot;\"},\"image\":{\"@id\":\"https:\/\/constant.univnt.ro\/#\/schema\/logo\/image\/\"}},{\"@type\":\"Person\",\"@id\":\"https:\/\/constant.univnt.ro\/#\/schema\/person\/8495346b278de103e6976b978b6eec43\",\"name\":\"adming2\",\"image\":{\"@type\":\"ImageObject\",\"inLanguage\":\"en-US\",\"@id\":\"https:\/\/constant.univnt.ro\/#\/schema\/person\/image\/\",\"url\":\"https:\/\/secure.gravatar.com\/avatar\/16d62d173eccc9d708a85833db3cd968?s=96&d=mm&r=g\",\"contentUrl\":\"https:\/\/secure.gravatar.com\/avatar\/16d62d173eccc9d708a85833db3cd968?s=96&d=mm&r=g\",\"caption\":\"adming2\"},\"sameAs\":[\"http:\/\/constant.univnt.ro\"],\"url\":\"https:\/\/constant.univnt.ro\/index.php\/author\/adming2\/\"}]}<\/script>\n<!-- \/ Yoast SEO plugin. -->","yoast_head_json":{"title":"REFERENDUM PRIVIND MODALITATEA DE DESEMNARE A RECTORULUI UNIVERSIT\u0102\u021aII - CONSTANT - Conferin\u0163a studen\u0163easc\u0103 anual\u0103 &quot;Nicolae Titulescu&quot;","robots":{"index":"noindex","follow":"follow","max-snippet":"max-snippet:-1","max-image-preview":"max-image-preview:large","max-video-preview":"max-video-preview:-1"},"og_locale":"en_US","og_type":"article","og_title":"REFERENDUM PRIVIND MODALITATEA DE DESEMNARE A RECTORULUI UNIVERSIT\u0102\u021aII - CONSTANT - Conferin\u0163a studen\u0163easc\u0103 anual\u0103 &quot;Nicolae Titulescu&quot;","og_description":"V\u0103 inform\u0103m c\u0103 \u00een data de 16 septembrie 2019, \u00een intervalul orar 8.00-16.00, se va desf\u0103\u0219ura Referendumul privind modalitatea de desemnare a rectorului universit\u0103\u021bii. \u00cen conformitate cu dispozi\u021biile art. 209 din Legea educa\u021biei na\u021bionale nr 1\/2011, \u201c(1) Rectorul se desemneaz\u0103 prin una dintre urm\u0103toarele modalit\u0103\u0163i: a) pe baza unui concurs public, \u00een baza unei metodologii [&hellip;]","og_url":"https:\/\/constant.univnt.ro\/index.php\/referendum-privind-modalitatea-de-desemnare-a-rectorului-universitatii\/","og_site_name":"CONSTANT - Conferin\u0163a studen\u0163easc\u0103 anual\u0103 &quot;Nicolae Titulescu&quot;","article_published_time":"2019-07-11T09:22:56+00:00","article_modified_time":"2023-03-03T12:16:58+00:00","author":"adming2","twitter_card":"summary_large_image","twitter_misc":{"Written by":"adming2","Est. reading time":"1 minute"},"schema":{"@context":"https:\/\/schema.org","@graph":[{"@type":"Article","@id":"https:\/\/constant.univnt.ro\/index.php\/referendum-privind-modalitatea-de-desemnare-a-rectorului-universitatii\/#article","isPartOf":{"@id":"https:\/\/constant.univnt.ro\/index.php\/referendum-privind-modalitatea-de-desemnare-a-rectorului-universitatii\/"},"author":{"name":"adming2","@id":"https:\/\/constant.univnt.ro\/#\/schema\/person\/8495346b278de103e6976b978b6eec43"},"headline":"REFERENDUM PRIVIND MODALITATEA DE DESEMNARE A RECTORULUI UNIVERSIT\u0102\u021aII","datePublished":"2019-07-11T09:22:56+00:00","dateModified":"2023-03-03T12:16:58+00:00","mainEntityOfPage":{"@id":"https:\/\/constant.univnt.ro\/index.php\/referendum-privind-modalitatea-de-desemnare-a-rectorului-universitatii\/"},"wordCount":161,"commentCount":0,"publisher":{"@id":"https:\/\/constant.univnt.ro\/#organization"},"articleSection":["Stiri"],"inLanguage":"en-US","potentialAction":[{"@type":"CommentAction","name":"Comment","target":["https:\/\/constant.univnt.ro\/index.php\/referendum-privind-modalitatea-de-desemnare-a-rectorului-universitatii\/#respond"]}]},{"@type":"WebPage","@id":"https:\/\/constant.univnt.ro\/index.php\/referendum-privind-modalitatea-de-desemnare-a-rectorului-universitatii\/","url":"https:\/\/constant.univnt.ro\/index.php\/referendum-privind-modalitatea-de-desemnare-a-rectorului-universitatii\/","name":"REFERENDUM PRIVIND MODALITATEA DE DESEMNARE A RECTORULUI UNIVERSIT\u0102\u021aII - CONSTANT - Conferin\u0163a studen\u0163easc\u0103 anual\u0103 &quot;Nicolae Titulescu&quot;","isPartOf":{"@id":"https:\/\/constant.univnt.ro\/#website"},"datePublished":"2019-07-11T09:22:56+00:00","dateModified":"2023-03-03T12:16:58+00:00","breadcrumb":{"@id":"https:\/\/constant.univnt.ro\/index.php\/referendum-privind-modalitatea-de-desemnare-a-rectorului-universitatii\/#breadcrumb"},"inLanguage":"en-US","potentialAction":[{"@type":"ReadAction","target":["https:\/\/constant.univnt.ro\/index.php\/referendum-privind-modalitatea-de-desemnare-a-rectorului-universitatii\/"]}]},{"@type":"BreadcrumbList","@id":"https:\/\/constant.univnt.ro\/index.php\/referendum-privind-modalitatea-de-desemnare-a-rectorului-universitatii\/#breadcrumb","itemListElement":[{"@type":"ListItem","position":1,"name":"Acas\u0103","item":"https:\/\/constant.univnt.ro\/"},{"@type":"ListItem","position":2,"name":"REFERENDUM PRIVIND MODALITATEA DE DESEMNARE A RECTORULUI UNIVERSIT\u0102\u021aII"}]},{"@type":"WebSite","@id":"https:\/\/constant.univnt.ro\/#website","url":"https:\/\/constant.univnt.ro\/","name":"CONSTANT - Conferin\u0163a studen\u0163easc\u0103 anual\u0103 &quot;Nicolae Titulescu&quot;","description":"Conferin\u0163a studen\u0163easc\u0103 anual\u0103 &quot;Nicolae Titulescu&quot; CONSTANT","publisher":{"@id":"https:\/\/constant.univnt.ro\/#organization"},"potentialAction":[{"@type":"SearchAction","target":{"@type":"EntryPoint","urlTemplate":"https:\/\/constant.univnt.ro\/?s={search_term_string}"},"query-input":"required name=search_term_string"}],"inLanguage":"en-US"},{"@type":"Organization","@id":"https:\/\/constant.univnt.ro\/#organization","name":"CONSTANT - Conferin\u0163a studen\u0163easc\u0103 anual\u0103 &quot;Nicolae Titulescu&quot;","url":"https:\/\/constant.univnt.ro\/","logo":{"@type":"ImageObject","inLanguage":"en-US","@id":"https:\/\/constant.univnt.ro\/#\/schema\/logo\/image\/","url":"https:\/\/constant.univnt.ro\/wp-content\/uploads\/2022\/12\/cropped-logo-univnt.png","contentUrl":"https:\/\/constant.univnt.ro\/wp-content\/uploads\/2022\/12\/cropped-logo-univnt.png","width":190,"height":190,"caption":"CONSTANT - Conferin\u0163a studen\u0163easc\u0103 anual\u0103 &quot;Nicolae Titulescu&quot;"},"image":{"@id":"https:\/\/constant.univnt.ro\/#\/schema\/logo\/image\/"}},{"@type":"Person","@id":"https:\/\/constant.univnt.ro\/#\/schema\/person\/8495346b278de103e6976b978b6eec43","name":"adming2","image":{"@type":"ImageObject","inLanguage":"en-US","@id":"https:\/\/constant.univnt.ro\/#\/schema\/person\/image\/","url":"https:\/\/secure.gravatar.com\/avatar\/16d62d173eccc9d708a85833db3cd968?s=96&d=mm&r=g","contentUrl":"https:\/\/secure.gravatar.com\/avatar\/16d62d173eccc9d708a85833db3cd968?s=96&d=mm&r=g","caption":"adming2"},"sameAs":["http:\/\/constant.univnt.ro"],"url":"https:\/\/constant.univnt.ro\/index.php\/author\/adming2\/"}]}},"_links":{"self":[{"href":"https:\/\/constant.univnt.ro\/index.php\/wp-json\/wp\/v2\/posts\/1281"}],"collection":[{"href":"https:\/\/constant.univnt.ro\/index.php\/wp-json\/wp\/v2\/posts"}],"about":[{"href":"https:\/\/constant.univnt.ro\/index.php\/wp-json\/wp\/v2\/types\/post"}],"author":[{"embeddable":true,"href":"https:\/\/constant.univnt.ro\/index.php\/wp-json\/wp\/v2\/users\/1"}],"replies":[{"embeddable":true,"href":"https:\/\/constant.univnt.ro\/index.php\/wp-json\/wp\/v2\/comments?post=1281"}],"version-history":[{"count":1,"href":"https:\/\/constant.univnt.ro\/index.php\/wp-json\/wp\/v2\/posts\/1281\/revisions"}],"predecessor-version":[{"id":1282,"href":"https:\/\/constant.univnt.ro\/index.php\/wp-json\/wp\/v2\/posts\/1281\/revisions\/1282"}],"wp:attachment":[{"href":"https:\/\/constant.univnt.ro\/index.php\/wp-json\/wp\/v2\/media?parent=1281"}],"wp:term":[{"taxonomy":"category","embeddable":true,"href":"https:\/\/constant.univnt.ro\/index.php\/wp-json\/wp\/v2\/categories?post=1281"},{"taxonomy":"post_tag","embeddable":true,"href":"https:\/\/constant.univnt.ro\/index.php\/wp-json\/wp\/v2\/tags?post=1281"}],"curies":[{"name":"wp","href":"https:\/\/api.w.org\/{rel}","templated":true}]}}