{"id":1279,"date":"2019-04-05T09:22:09","date_gmt":"2019-04-05T09:22:09","guid":{"rendered":"http:\/\/george2.univnt.ro\/?p=1279"},"modified":"2023-03-03T12:17:04","modified_gmt":"2023-03-03T12:17:04","slug":"comunicat-premii-constant-2019","status":"publish","type":"post","link":"https:\/\/constant.univnt.ro\/index.php\/comunicat-premii-constant-2019\/","title":{"rendered":"Comunicat premii CONSTANT 2019"},"content":{"rendered":"<p>\u00cen perioada 05-06 aprilie 2019 s-a desf\u0103\u0219urat cea de-a noua edi\u021bie a Conferin\u021bei Studen\u021bilor, CONSTANT. Ne-am bucurat \u0219i de aceasta dat\u0103, de participarea studen\u021bilor de la mai multe universit\u0103\u021bi din \u021bar\u0103 \u0219i str\u0103inatate.<\/p>\n<p>\u00cen cadrul conferin\u021bei a fost prezent\u0103 \u0219i \u00een acesta an, o delega\u021bie din partea Facult\u0103\u021bii de Drept a Universit\u0103\u021bii din Miskolc, Ungaria \u0219i o delega\u021bie din partea Universit\u0103\u021bii &#8220;Angel Kanchev&#8221; din Ruse, Bulgaria.<\/p>\n<p>Cele trei sec\u021biuni ale conferin\u021bei au fost:<br \/>\n1. Drept<br \/>\n2. Economia \u015fi administrarea afacerilor<br \/>\n3. Rela\u0163ii interna\u0163ionale \u015fi administra\u0163ie<\/p>\n<p>Competi\u021bia a fost str\u00e2ns\u0103 iar cele mai bune lucr\u0103ri au fost premiate.<\/p>\n<p>Mul\u021bumim pe aceasta cale tuturor participan\u021bilor la conferinta \u0219i adres\u0103m \u00eenca de pe acum invita\u021bia de a participa \u0219i la urm\u0103toarea editie a CONSTANT, care se va desf\u0103\u0219ura \u00een anul 2020.<\/p>\n<p>Premiile detaliate pe domenii \u0219i sec\u021biuni le g\u0103siti afi\u0219ate mai jos.<\/p>\n<p>V\u0103 mul\u021bumim,<br \/>\nAsistent univ. dr. Nicoleta Panait<br \/>\nManager CONSTANT 2019<\/p>\n<p><strong>1. Sectiunea Drept<\/strong><br \/>\n<strong>1.1. Drept penal<\/strong><\/p>\n<p><strong>Premiul I<\/strong><br \/>\n&#8211; \u00d6rs SZUNYOGH<br \/>\n&#8211; Mirel Georgian PETRE<br \/>\n&#8211; Marian ANTOHI<br \/>\n&#8211; C\u0103t\u0103lina Alexandra DAN<\/p>\n<p><strong>Premiul II<\/strong><br \/>\n&#8211; Ioana Maria COSAC<br \/>\n&#8211; Valentina NICOLAE<\/p>\n<p><strong>Premiul III<\/strong><br \/>\n&#8211; \u0218tefan-Alberto LUPU<br \/>\n&#8211; Adina-Maria ENACHE<br \/>\n&#8211; Cristian Alexandru COJOCARU<\/p>\n<p><strong>Men\u021biuni<\/strong><br \/>\n&#8211; Georgiana B\u0102RBU\u0162\u0102<br \/>\n&#8211; Maria-Anca CIRIC\u0102<br \/>\n&#8211; Beatrice-Gabriela FILIP<\/p>\n<p><strong>1.2. Drept privat<\/strong><\/p>\n<p><strong>Premiul I<\/strong><br \/>\n&#8211; Adrienn Aliz M\u00d3RICZ<br \/>\n&#8211; Vesela HRISTOVA<br \/>\n&#8211; Toshko IVANOV<br \/>\n&#8211; Diana SOARE<br \/>\n&#8211; M\u0103d\u0103lina Lavinia TEIO\u0218ANU<\/p>\n<p><strong>Premiul II<\/strong><br \/>\n&#8211; Alessio DI BITETTO<br \/>\n&#8211; S\u00e1ra Patr\u00edcia KARDOS<br \/>\n&#8211; Ioan S\u00e2nziana-ANDREEA<br \/>\n&#8211; Tudor-Florin DRUJESCU<\/p>\n<p><strong>Premiul III<\/strong><br \/>\n&#8211; Ren\u00e1ta ZELINA<br \/>\n&#8211; Stanimir BOJADZHIEV<br \/>\n&#8211; Angelina BOGDANOVA<br \/>\n&#8211; Alexandra MATEIU<br \/>\n&#8211; Monica CONSTANDACHE<br \/>\n&#8211; Emilia-Ioana BUJOAIC\u0102<br \/>\n&#8211; Sabina FARC\u0102SANU<\/p>\n<p><strong>Men\u021biuni<\/strong><br \/>\n&#8211; Anamaria-Daniela BREDET<br \/>\n&#8211; Ana-Maria C\u0103lina B\u0102L\u021a\u0102TESCU<\/p>\n<p><strong>1.3. Drept public<\/strong><\/p>\n<p><strong>Premiul I<\/strong><br \/>\n&#8211; Marcell SZIKSZAI<br \/>\n&#8211; Gerg\u0151 G\u00e1bor HERCZEG<br \/>\n&#8211; Radu-Mihai URSU<br \/>\n&#8211; Gabriela BELGHIRU<br \/>\n&#8211; Cristina-Florentina ST\u00ceNG\u0102<br \/>\n&#8211; \u0218tefan LUPU<\/p>\n<p><strong>Premiul II<\/strong><br \/>\n&#8211; Tam\u00e1s BARTA<br \/>\n&#8211; M\u0103d\u0103lina BANU<br \/>\n&#8211; Alina GHELASE<br \/>\n&#8211; Andrei-Emanuel RADU<br \/>\n&#8211; Georgiana PIRVU<\/p>\n<p><strong>Premiul III<\/strong><br \/>\n&#8211; D\u00e1niel K\u00d3KAI<br \/>\n&#8211; C\u0103t\u0103lina Alexandra DAN<br \/>\n&#8211; Marian ANTOHI<br \/>\n&#8211; Andra-Beatrice R\u0102DULESCU<br \/>\n&#8211; Alina-Mihaela TIRIC\u0102<\/p>\n<p><strong>Men\u021biuni<\/strong><br \/>\n&#8211; Andrei Bogdan DOBRE<\/p>\n<p><strong>2. Economie \u015fi administrarea afacerilor<\/strong><\/p>\n<p><strong>Premiul I<\/strong><br \/>\n&#8211; Alexandra Iulia VOLOC<br \/>\n&#8211; Alexandrina (SIMION) BOD\u00ceRL\u0102U<br \/>\n&#8211; Ionela PETRE<\/p>\n<p><strong>Premiul II<\/strong><br \/>\n&#8211; Gabriel NI\u021aI\u0218OR<br \/>\n&#8211; Remus MITIRI\u021a\u0102<br \/>\n&#8211; Cristian STR\u0102TEANU<br \/>\n&#8211; Margareta ENACHE<\/p>\n<p><strong>Premiul III<\/strong><br \/>\n&#8211; Alexandra-Vanda COVACI<br \/>\n&#8211; Lucian Cosmin B\u0102D\u0102L\u0102U<br \/>\n&#8211; Camelia P\u00c2RLEA-STANCU (MATEI)<\/p>\n<p><strong>Men\u021biuni<\/strong><br \/>\n&#8211; Andreea-Bianca NICA<br \/>\n&#8211; Nina BADEA<\/p>\n<p><strong>3. Rela\u0163ii interna\u0163ionale \u015fi administra\u0163ie<\/strong><\/p>\n<p><strong>Premiul I<\/strong><br \/>\n&#8211; Mihaela Gabriela COMAN<br \/>\n&#8211; Iulia IORDAN<br \/>\n&#8211; Mirela (GLIGOR) CONSTATINESCU<br \/>\n&#8211; Nedelcu Corina GHINEA<br \/>\n&#8211; Olivia RO\u0218CA<\/p>\n<p><strong>Premiul II<\/strong><br \/>\n&#8211; Mihaela Gabriela COMAN<br \/>\n&#8211; Veronica S\u00ceRBU<br \/>\n&#8211; Gabriela STAN<br \/>\n&#8211; Crina Andreea ZANFIR<br \/>\n&#8211; Lavinia Gabriela PUIU<\/p>\n<p><strong>Premiul III<\/strong><br \/>\n&#8211; Loredana (Pintilei) BURTAN<br \/>\n&#8211; Andra-Georgiana DUMITRA<br \/>\n&#8211; Claudia MATEESCU<br \/>\n&#8211; Mariana Bianca NI\u021a\u0102<\/p>\n<p><strong>Men\u021biuni<\/strong><br \/>\n&#8211; Ionu\u021b Florin Z\u0102LARU<\/p>\n","protected":false},"excerpt":{"rendered":"<p>\u00cen perioada 05-06 aprilie 2019 s-a desf\u0103\u0219urat cea de-a noua edi\u021bie a Conferin\u021bei Studen\u021bilor, CONSTANT. Ne-am bucurat \u0219i de aceasta dat\u0103, de participarea studen\u021bilor de la mai multe universit\u0103\u021bi din \u021bar\u0103 \u0219i str\u0103inatate. \u00cen cadrul conferin\u021bei a fost prezent\u0103 \u0219i \u00een acesta an, o delega\u021bie din partea Facult\u0103\u021bii de Drept a Universit\u0103\u021bii din Miskolc, Ungaria [&hellip;]<\/p>\n","protected":false},"author":1,"featured_media":0,"comment_status":"open","ping_status":"open","sticky":false,"template":"","format":"standard","meta":[],"categories":[133],"tags":[],"yoast_head":"<!-- This site is optimized with the Yoast SEO plugin v20.2.1 - https:\/\/yoast.com\/wordpress\/plugins\/seo\/ -->\n<title>Comunicat premii CONSTANT 2019 - CONSTANT - Conferin\u0163a studen\u0163easc\u0103 anual\u0103 &quot;Nicolae Titulescu&quot;<\/title>\n<meta name=\"robots\" content=\"noindex, follow, max-snippet:-1, max-image-preview:large, max-video-preview:-1\" \/>\n<meta property=\"og:locale\" content=\"en_US\" \/>\n<meta property=\"og:type\" content=\"article\" \/>\n<meta property=\"og:title\" content=\"Comunicat premii CONSTANT 2019 - CONSTANT - Conferin\u0163a studen\u0163easc\u0103 anual\u0103 &quot;Nicolae Titulescu&quot;\" \/>\n<meta property=\"og:description\" content=\"\u00cen perioada 05-06 aprilie 2019 s-a desf\u0103\u0219urat cea de-a noua edi\u021bie a Conferin\u021bei Studen\u021bilor, CONSTANT. Ne-am bucurat \u0219i de aceasta dat\u0103, de participarea studen\u021bilor de la mai multe universit\u0103\u021bi din \u021bar\u0103 \u0219i str\u0103inatate. \u00cen cadrul conferin\u021bei a fost prezent\u0103 \u0219i \u00een acesta an, o delega\u021bie din partea Facult\u0103\u021bii de Drept a Universit\u0103\u021bii din Miskolc, Ungaria [&hellip;]\" \/>\n<meta property=\"og:url\" content=\"https:\/\/constant.univnt.ro\/index.php\/comunicat-premii-constant-2019\/\" \/>\n<meta property=\"og:site_name\" content=\"CONSTANT - Conferin\u0163a studen\u0163easc\u0103 anual\u0103 &quot;Nicolae Titulescu&quot;\" \/>\n<meta property=\"article:published_time\" content=\"2019-04-05T09:22:09+00:00\" \/>\n<meta property=\"article:modified_time\" content=\"2023-03-03T12:17:04+00:00\" \/>\n<meta name=\"author\" content=\"adming2\" \/>\n<meta name=\"twitter:card\" content=\"summary_large_image\" \/>\n<meta name=\"twitter:label1\" content=\"Written by\" \/>\n\t<meta name=\"twitter:data1\" content=\"adming2\" \/>\n\t<meta name=\"twitter:label2\" content=\"Est. reading time\" \/>\n\t<meta name=\"twitter:data2\" content=\"2 minutes\" \/>\n<script type=\"application\/ld+json\" class=\"yoast-schema-graph\">{\"@context\":\"https:\/\/schema.org\",\"@graph\":[{\"@type\":\"Article\",\"@id\":\"https:\/\/constant.univnt.ro\/index.php\/comunicat-premii-constant-2019\/#article\",\"isPartOf\":{\"@id\":\"https:\/\/constant.univnt.ro\/index.php\/comunicat-premii-constant-2019\/\"},\"author\":{\"name\":\"adming2\",\"@id\":\"https:\/\/constant.univnt.ro\/#\/schema\/person\/8495346b278de103e6976b978b6eec43\"},\"headline\":\"Comunicat premii CONSTANT 2019\",\"datePublished\":\"2019-04-05T09:22:09+00:00\",\"dateModified\":\"2023-03-03T12:17:04+00:00\",\"mainEntityOfPage\":{\"@id\":\"https:\/\/constant.univnt.ro\/index.php\/comunicat-premii-constant-2019\/\"},\"wordCount\":520,\"commentCount\":0,\"publisher\":{\"@id\":\"https:\/\/constant.univnt.ro\/#organization\"},\"articleSection\":[\"Stiri\"],\"inLanguage\":\"en-US\",\"potentialAction\":[{\"@type\":\"CommentAction\",\"name\":\"Comment\",\"target\":[\"https:\/\/constant.univnt.ro\/index.php\/comunicat-premii-constant-2019\/#respond\"]}]},{\"@type\":\"WebPage\",\"@id\":\"https:\/\/constant.univnt.ro\/index.php\/comunicat-premii-constant-2019\/\",\"url\":\"https:\/\/constant.univnt.ro\/index.php\/comunicat-premii-constant-2019\/\",\"name\":\"Comunicat premii CONSTANT 2019 - CONSTANT - Conferin\u0163a studen\u0163easc\u0103 anual\u0103 &quot;Nicolae Titulescu&quot;\",\"isPartOf\":{\"@id\":\"https:\/\/constant.univnt.ro\/#website\"},\"datePublished\":\"2019-04-05T09:22:09+00:00\",\"dateModified\":\"2023-03-03T12:17:04+00:00\",\"breadcrumb\":{\"@id\":\"https:\/\/constant.univnt.ro\/index.php\/comunicat-premii-constant-2019\/#breadcrumb\"},\"inLanguage\":\"en-US\",\"potentialAction\":[{\"@type\":\"ReadAction\",\"target\":[\"https:\/\/constant.univnt.ro\/index.php\/comunicat-premii-constant-2019\/\"]}]},{\"@type\":\"BreadcrumbList\",\"@id\":\"https:\/\/constant.univnt.ro\/index.php\/comunicat-premii-constant-2019\/#breadcrumb\",\"itemListElement\":[{\"@type\":\"ListItem\",\"position\":1,\"name\":\"Acas\u0103\",\"item\":\"https:\/\/constant.univnt.ro\/\"},{\"@type\":\"ListItem\",\"position\":2,\"name\":\"Comunicat premii CONSTANT 2019\"}]},{\"@type\":\"WebSite\",\"@id\":\"https:\/\/constant.univnt.ro\/#website\",\"url\":\"https:\/\/constant.univnt.ro\/\",\"name\":\"CONSTANT - Conferin\u0163a studen\u0163easc\u0103 anual\u0103 &quot;Nicolae Titulescu&quot;\",\"description\":\"Conferin\u0163a studen\u0163easc\u0103 anual\u0103 &quot;Nicolae Titulescu&quot; CONSTANT\",\"publisher\":{\"@id\":\"https:\/\/constant.univnt.ro\/#organization\"},\"potentialAction\":[{\"@type\":\"SearchAction\",\"target\":{\"@type\":\"EntryPoint\",\"urlTemplate\":\"https:\/\/constant.univnt.ro\/?s={search_term_string}\"},\"query-input\":\"required name=search_term_string\"}],\"inLanguage\":\"en-US\"},{\"@type\":\"Organization\",\"@id\":\"https:\/\/constant.univnt.ro\/#organization\",\"name\":\"CONSTANT - Conferin\u0163a studen\u0163easc\u0103 anual\u0103 &quot;Nicolae Titulescu&quot;\",\"url\":\"https:\/\/constant.univnt.ro\/\",\"logo\":{\"@type\":\"ImageObject\",\"inLanguage\":\"en-US\",\"@id\":\"https:\/\/constant.univnt.ro\/#\/schema\/logo\/image\/\",\"url\":\"https:\/\/constant.univnt.ro\/wp-content\/uploads\/2022\/12\/cropped-logo-univnt.png\",\"contentUrl\":\"https:\/\/constant.univnt.ro\/wp-content\/uploads\/2022\/12\/cropped-logo-univnt.png\",\"width\":190,\"height\":190,\"caption\":\"CONSTANT - Conferin\u0163a studen\u0163easc\u0103 anual\u0103 &quot;Nicolae Titulescu&quot;\"},\"image\":{\"@id\":\"https:\/\/constant.univnt.ro\/#\/schema\/logo\/image\/\"}},{\"@type\":\"Person\",\"@id\":\"https:\/\/constant.univnt.ro\/#\/schema\/person\/8495346b278de103e6976b978b6eec43\",\"name\":\"adming2\",\"image\":{\"@type\":\"ImageObject\",\"inLanguage\":\"en-US\",\"@id\":\"https:\/\/constant.univnt.ro\/#\/schema\/person\/image\/\",\"url\":\"https:\/\/secure.gravatar.com\/avatar\/16d62d173eccc9d708a85833db3cd968?s=96&d=mm&r=g\",\"contentUrl\":\"https:\/\/secure.gravatar.com\/avatar\/16d62d173eccc9d708a85833db3cd968?s=96&d=mm&r=g\",\"caption\":\"adming2\"},\"sameAs\":[\"http:\/\/constant.univnt.ro\"],\"url\":\"https:\/\/constant.univnt.ro\/index.php\/author\/adming2\/\"}]}<\/script>\n<!-- \/ Yoast SEO plugin. -->","yoast_head_json":{"title":"Comunicat premii CONSTANT 2019 - CONSTANT - Conferin\u0163a studen\u0163easc\u0103 anual\u0103 &quot;Nicolae Titulescu&quot;","robots":{"index":"noindex","follow":"follow","max-snippet":"max-snippet:-1","max-image-preview":"max-image-preview:large","max-video-preview":"max-video-preview:-1"},"og_locale":"en_US","og_type":"article","og_title":"Comunicat premii CONSTANT 2019 - CONSTANT - Conferin\u0163a studen\u0163easc\u0103 anual\u0103 &quot;Nicolae Titulescu&quot;","og_description":"\u00cen perioada 05-06 aprilie 2019 s-a desf\u0103\u0219urat cea de-a noua edi\u021bie a Conferin\u021bei Studen\u021bilor, CONSTANT. Ne-am bucurat \u0219i de aceasta dat\u0103, de participarea studen\u021bilor de la mai multe universit\u0103\u021bi din \u021bar\u0103 \u0219i str\u0103inatate. \u00cen cadrul conferin\u021bei a fost prezent\u0103 \u0219i \u00een acesta an, o delega\u021bie din partea Facult\u0103\u021bii de Drept a Universit\u0103\u021bii din Miskolc, Ungaria [&hellip;]","og_url":"https:\/\/constant.univnt.ro\/index.php\/comunicat-premii-constant-2019\/","og_site_name":"CONSTANT - Conferin\u0163a studen\u0163easc\u0103 anual\u0103 &quot;Nicolae Titulescu&quot;","article_published_time":"2019-04-05T09:22:09+00:00","article_modified_time":"2023-03-03T12:17:04+00:00","author":"adming2","twitter_card":"summary_large_image","twitter_misc":{"Written by":"adming2","Est. reading time":"2 minutes"},"schema":{"@context":"https:\/\/schema.org","@graph":[{"@type":"Article","@id":"https:\/\/constant.univnt.ro\/index.php\/comunicat-premii-constant-2019\/#article","isPartOf":{"@id":"https:\/\/constant.univnt.ro\/index.php\/comunicat-premii-constant-2019\/"},"author":{"name":"adming2","@id":"https:\/\/constant.univnt.ro\/#\/schema\/person\/8495346b278de103e6976b978b6eec43"},"headline":"Comunicat premii CONSTANT 2019","datePublished":"2019-04-05T09:22:09+00:00","dateModified":"2023-03-03T12:17:04+00:00","mainEntityOfPage":{"@id":"https:\/\/constant.univnt.ro\/index.php\/comunicat-premii-constant-2019\/"},"wordCount":520,"commentCount":0,"publisher":{"@id":"https:\/\/constant.univnt.ro\/#organization"},"articleSection":["Stiri"],"inLanguage":"en-US","potentialAction":[{"@type":"CommentAction","name":"Comment","target":["https:\/\/constant.univnt.ro\/index.php\/comunicat-premii-constant-2019\/#respond"]}]},{"@type":"WebPage","@id":"https:\/\/constant.univnt.ro\/index.php\/comunicat-premii-constant-2019\/","url":"https:\/\/constant.univnt.ro\/index.php\/comunicat-premii-constant-2019\/","name":"Comunicat premii CONSTANT 2019 - CONSTANT - Conferin\u0163a studen\u0163easc\u0103 anual\u0103 &quot;Nicolae Titulescu&quot;","isPartOf":{"@id":"https:\/\/constant.univnt.ro\/#website"},"datePublished":"2019-04-05T09:22:09+00:00","dateModified":"2023-03-03T12:17:04+00:00","breadcrumb":{"@id":"https:\/\/constant.univnt.ro\/index.php\/comunicat-premii-constant-2019\/#breadcrumb"},"inLanguage":"en-US","potentialAction":[{"@type":"ReadAction","target":["https:\/\/constant.univnt.ro\/index.php\/comunicat-premii-constant-2019\/"]}]},{"@type":"BreadcrumbList","@id":"https:\/\/constant.univnt.ro\/index.php\/comunicat-premii-constant-2019\/#breadcrumb","itemListElement":[{"@type":"ListItem","position":1,"name":"Acas\u0103","item":"https:\/\/constant.univnt.ro\/"},{"@type":"ListItem","position":2,"name":"Comunicat premii CONSTANT 2019"}]},{"@type":"WebSite","@id":"https:\/\/constant.univnt.ro\/#website","url":"https:\/\/constant.univnt.ro\/","name":"CONSTANT - Conferin\u0163a studen\u0163easc\u0103 anual\u0103 &quot;Nicolae Titulescu&quot;","description":"Conferin\u0163a studen\u0163easc\u0103 anual\u0103 &quot;Nicolae Titulescu&quot; CONSTANT","publisher":{"@id":"https:\/\/constant.univnt.ro\/#organization"},"potentialAction":[{"@type":"SearchAction","target":{"@type":"EntryPoint","urlTemplate":"https:\/\/constant.univnt.ro\/?s={search_term_string}"},"query-input":"required name=search_term_string"}],"inLanguage":"en-US"},{"@type":"Organization","@id":"https:\/\/constant.univnt.ro\/#organization","name":"CONSTANT - Conferin\u0163a studen\u0163easc\u0103 anual\u0103 &quot;Nicolae Titulescu&quot;","url":"https:\/\/constant.univnt.ro\/","logo":{"@type":"ImageObject","inLanguage":"en-US","@id":"https:\/\/constant.univnt.ro\/#\/schema\/logo\/image\/","url":"https:\/\/constant.univnt.ro\/wp-content\/uploads\/2022\/12\/cropped-logo-univnt.png","contentUrl":"https:\/\/constant.univnt.ro\/wp-content\/uploads\/2022\/12\/cropped-logo-univnt.png","width":190,"height":190,"caption":"CONSTANT - Conferin\u0163a studen\u0163easc\u0103 anual\u0103 &quot;Nicolae Titulescu&quot;"},"image":{"@id":"https:\/\/constant.univnt.ro\/#\/schema\/logo\/image\/"}},{"@type":"Person","@id":"https:\/\/constant.univnt.ro\/#\/schema\/person\/8495346b278de103e6976b978b6eec43","name":"adming2","image":{"@type":"ImageObject","inLanguage":"en-US","@id":"https:\/\/constant.univnt.ro\/#\/schema\/person\/image\/","url":"https:\/\/secure.gravatar.com\/avatar\/16d62d173eccc9d708a85833db3cd968?s=96&d=mm&r=g","contentUrl":"https:\/\/secure.gravatar.com\/avatar\/16d62d173eccc9d708a85833db3cd968?s=96&d=mm&r=g","caption":"adming2"},"sameAs":["http:\/\/constant.univnt.ro"],"url":"https:\/\/constant.univnt.ro\/index.php\/author\/adming2\/"}]}},"_links":{"self":[{"href":"https:\/\/constant.univnt.ro\/index.php\/wp-json\/wp\/v2\/posts\/1279"}],"collection":[{"href":"https:\/\/constant.univnt.ro\/index.php\/wp-json\/wp\/v2\/posts"}],"about":[{"href":"https:\/\/constant.univnt.ro\/index.php\/wp-json\/wp\/v2\/types\/post"}],"author":[{"embeddable":true,"href":"https:\/\/constant.univnt.ro\/index.php\/wp-json\/wp\/v2\/users\/1"}],"replies":[{"embeddable":true,"href":"https:\/\/constant.univnt.ro\/index.php\/wp-json\/wp\/v2\/comments?post=1279"}],"version-history":[{"count":1,"href":"https:\/\/constant.univnt.ro\/index.php\/wp-json\/wp\/v2\/posts\/1279\/revisions"}],"predecessor-version":[{"id":1280,"href":"https:\/\/constant.univnt.ro\/index.php\/wp-json\/wp\/v2\/posts\/1279\/revisions\/1280"}],"wp:attachment":[{"href":"https:\/\/constant.univnt.ro\/index.php\/wp-json\/wp\/v2\/media?parent=1279"}],"wp:term":[{"taxonomy":"category","embeddable":true,"href":"https:\/\/constant.univnt.ro\/index.php\/wp-json\/wp\/v2\/categories?post=1279"},{"taxonomy":"post_tag","embeddable":true,"href":"https:\/\/constant.univnt.ro\/index.php\/wp-json\/wp\/v2\/tags?post=1279"}],"curies":[{"name":"wp","href":"https:\/\/api.w.org\/{rel}","templated":true}]}}