{"id":1277,"date":"2018-05-23T09:20:58","date_gmt":"2018-05-23T09:20:58","guid":{"rendered":"http:\/\/george2.univnt.ro\/?p=1277"},"modified":"2023-03-03T12:17:11","modified_gmt":"2023-03-03T12:17:11","slug":"notificare-cu-privire-la-protectia-datelor-personale","status":"publish","type":"post","link":"https:\/\/constant.univnt.ro\/index.php\/notificare-cu-privire-la-protectia-datelor-personale\/","title":{"rendered":"Notificare cu privire la protec\u021bia datelor personale"},"content":{"rendered":"<div class=\"left_column\">\n<p align=\"justify\"><strong>NOTIFICARE CU PRIVIRE LA PROTEC\u021aIA DATELOR PERSONALE PENTRU PARTICIPAN\u0162II LA MANIFEST\u0102RILE \u015eTIIN\u0162IFICE ORGANIZATE DE UNIVERSITATEA \u201eNICOLAE TITULESCU\u201d DIN BUCURE\u015eTI<\/strong><\/p>\n<p>Stimate Coleg,<\/p>\n<p>V\u0103 transmitem prezentul e-mail \u00een leg\u0103tur\u0103 cu aplicarea de la 25 mai 2018 a prevederilor Regulamentului (UE) 2016\/679 al Parlamentului european \u0219i al Consiliului din 27 aprilie 2016 privind protec\u021bia persoanelor fizice \u00een ceea ce prive\u0219te prelucrarea datelor cu caracter personal \u0219i privind libera circula\u021bie a acestor date \u0219i de abrogare a Directivei 95\/46\/CE (Regulamentul general privind protec\u021bia datelor &#8211; \u00een continuare \u201e<strong>GDPR<\/strong>\u201d).<br \/>\nAv\u00e2nd \u00een vedere faptul c\u0103 \u00een ultimii ani a\u021bi participat la manifest\u0103rile \u0219tiin\u021bifice organizate de Universitatea \u201eNicolae Titulescu\u201d din Bucure\u0219ti, consider\u0103m c\u0103 trebuie s\u0103 ave\u021bi \u00een vedere urm\u0103toarele:<br \/>\n&#8211;\u00a0<strong>Universitatea de\u021bine unele date cu caracter personal ale dumneavoastr\u0103 ca urmare a ced\u0103rii drepturilor de autor asupra studiilor pe care le-a\u021bi \u00eenregistrat la respectivele manifest\u0103ri<\/strong>: nume, prenume, grad didactic, afilierea institu\u021bional\u0103, adres\u0103 e-mail, num\u0103r de telefon, adres\u0103 de coresponden\u021b\u0103.<br \/>\n&#8211;\u00a0<strong>Universitatea poate s\u0103 de\u021bin\u0103 fotografii sau film\u0103ri \u00een care s\u0103 ap\u0103re\u021bi \u0219i dumneavoastr\u0103<\/strong>, \u00een cadrul manifest\u0103rilor \u0219tiin\u021bifice organizate \u0219i promovate pe site-urile Universit\u0103\u021bii (<a href=\"http:\/\/www.univnt.ro\/ro\/\">www.univnt.ro<\/a>,\u00a0<a href=\"http:\/\/cks.univnt.ro\/\">cks.univnt.ro<\/a>,\u00a0<a href=\"http:\/\/constant.univnt.ro\/\">constant.univnt.ro<\/a>) sau\/\u0219i pe re\u021belele de socializare (Facebook), \u00een vederea promov\u0103rii vie\u021bii academice.<br \/>\n&#8211;\u00a0<strong>Scopurile prelucr\u0103rii respectivelor date personale sunt<\/strong><strong>: desf\u0103\u0219urarea manifest\u0103rilor \u0219tiin\u021bifice organizate de Universitate, derularea rela\u021biilor financiare cu privire la participare (dac\u0103 a fost cazul), publicarea studiilor acceptate \u00een volumele conferin\u021belor (CKS eBook, CONSTANT eBook) \u0219i indexarea acestora \u00een baze de date interna\u021bionale.<\/strong><br \/>\n&#8211;\u00a0<strong>Temeiul legal al prelucr\u0103rii este<\/strong><strong>: art. 9 alin. (2) lit. j) din GDPR &#8211; \u201e<\/strong><strong><em>prelucrarea este necesar\u0103 (&#8230;) \u00een scopuri de cercetare \u0219tiin\u021bific\u0103 (&#8230;), \u00een baza dreptului Uniunii sau a dreptului intern<\/em><\/strong><strong>\u201d.<\/strong><br \/>\n&#8211;\u00a0<strong>Termenul de prelucrare a acestor date personale:\u00a0<\/strong><strong>studiile au fost publicate \u0219i indexate \u00een baze de date interna\u021bionale, fiind disponibile online (nume, prenume, grad didactic, afiliere institu\u021bional\u0103, adres\u0103 e-mail). Celelalte date necesare pentru contactul cu autorul (num\u0103r de telefon, adres\u0103 de coresponden\u021b\u0103) sunt stocate \u00een arhiva noastr\u0103 electronic\u0103.<\/strong><\/p>\n<p>Dac\u0103 dori\u021bi s\u0103 afla\u021bi mai multe informa\u021bii despre GDPR \u0219i drepturile dumneavoastr\u0103, o pute\u021bi face acces\u00e2nd site-ul Autorit\u0103\u021bii Na\u021bionale de Supraveghere a Prelucr\u0103rii Datelor cu Caracter Personal \u2013\u00a0<a href=\"http:\/\/www.dataprotection.ro\/\" target=\"\\&quot;_blank\\&quot;\" rel=\"noopener\">www.dataprotection.ro<\/a><strong>.<\/strong><br \/>\nDe asemenea, v\u0103\u00a0<strong>inform\u0103m c\u0103 Universitatea\u00a0<\/strong>nu promoveaz\u0103 SPAM-ul, iar orice utilizator care a furnizat explicit adresa sa de e-mail pe unul dintre site-urile Universit\u0103\u021bii (<a href=\"http:\/\/www.univnt.ro\/ro\/\">www.univnt.ro<\/a>,\u00a0<a href=\"http:\/\/cks.univnt.ro\/\">cks.univnt.ro<\/a>,\u00a0<a href=\"http:\/\/constant.univnt.ro\/\">constant.univnt.ro<\/a>) poate opta pentru \u0219tergerea acesteia din baza de date a site-ului, a platformei de emitere a newsletter-ului \u0219i, implicit, a institu\u021biei noastre.<br \/>\n\u00cen speran\u021ba c\u0103 toate aceste informa\u021bii v-au fost de folos, r\u0103m\u00e2nem la dispozi\u021bia dumneavoastr\u0103 pentru orice alte informa\u021bii suplimentare pe care le-a\u021bi considera de cuviin\u021b\u0103.<br \/>\nCu stim\u0103,<\/p>\n<p><strong>OFI\u021aERUL PENTRU PROTEC\u021aIA DATELOR CU CARACTER PERSONAL<\/strong><br \/>\n<strong>DIN CADRUL UNIVERSIT\u0102\u021aII \u201eNICOLAE TITULESCU\u201d<\/strong><br \/>\n<a href=\"http:\/\/constant.univnt.ro\/\">dataprotection@univnt.ro<\/a><\/p>\n<\/div>\n","protected":false},"excerpt":{"rendered":"<p>NOTIFICARE CU PRIVIRE LA PROTEC\u021aIA DATELOR PERSONALE PENTRU PARTICIPAN\u0162II LA MANIFEST\u0102RILE \u015eTIIN\u0162IFICE ORGANIZATE DE UNIVERSITATEA \u201eNICOLAE TITULESCU\u201d DIN BUCURE\u015eTI Stimate Coleg, V\u0103 transmitem prezentul e-mail \u00een leg\u0103tur\u0103 cu aplicarea de la 25 mai 2018 a prevederilor Regulamentului (UE) 2016\/679 al Parlamentului european \u0219i al Consiliului din 27 aprilie 2016 privind protec\u021bia persoanelor fizice \u00een ceea [&hellip;]<\/p>\n","protected":false},"author":1,"featured_media":0,"comment_status":"open","ping_status":"open","sticky":false,"template":"","format":"standard","meta":[],"categories":[133],"tags":[],"yoast_head":"<!-- This site is optimized with the Yoast SEO plugin v20.2.1 - https:\/\/yoast.com\/wordpress\/plugins\/seo\/ -->\n<title>Notificare cu privire la protec\u021bia datelor personale - CONSTANT - Conferin\u0163a studen\u0163easc\u0103 anual\u0103 &quot;Nicolae Titulescu&quot;<\/title>\n<meta name=\"robots\" content=\"noindex, follow, max-snippet:-1, max-image-preview:large, max-video-preview:-1\" \/>\n<meta property=\"og:locale\" content=\"en_US\" \/>\n<meta property=\"og:type\" content=\"article\" \/>\n<meta property=\"og:title\" content=\"Notificare cu privire la protec\u021bia datelor personale - CONSTANT - Conferin\u0163a studen\u0163easc\u0103 anual\u0103 &quot;Nicolae Titulescu&quot;\" \/>\n<meta property=\"og:description\" content=\"NOTIFICARE CU PRIVIRE LA PROTEC\u021aIA DATELOR PERSONALE PENTRU PARTICIPAN\u0162II LA MANIFEST\u0102RILE \u015eTIIN\u0162IFICE ORGANIZATE DE UNIVERSITATEA \u201eNICOLAE TITULESCU\u201d DIN BUCURE\u015eTI Stimate Coleg, V\u0103 transmitem prezentul e-mail \u00een leg\u0103tur\u0103 cu aplicarea de la 25 mai 2018 a prevederilor Regulamentului (UE) 2016\/679 al Parlamentului european \u0219i al Consiliului din 27 aprilie 2016 privind protec\u021bia persoanelor fizice \u00een ceea [&hellip;]\" \/>\n<meta property=\"og:url\" content=\"https:\/\/constant.univnt.ro\/index.php\/notificare-cu-privire-la-protectia-datelor-personale\/\" \/>\n<meta property=\"og:site_name\" content=\"CONSTANT - Conferin\u0163a studen\u0163easc\u0103 anual\u0103 &quot;Nicolae Titulescu&quot;\" \/>\n<meta property=\"article:published_time\" content=\"2018-05-23T09:20:58+00:00\" \/>\n<meta property=\"article:modified_time\" content=\"2023-03-03T12:17:11+00:00\" \/>\n<meta name=\"author\" content=\"adming2\" \/>\n<meta name=\"twitter:card\" content=\"summary_large_image\" \/>\n<meta name=\"twitter:label1\" content=\"Written by\" \/>\n\t<meta name=\"twitter:data1\" content=\"adming2\" \/>\n\t<meta name=\"twitter:label2\" content=\"Est. reading time\" \/>\n\t<meta name=\"twitter:data2\" content=\"2 minutes\" \/>\n<script type=\"application\/ld+json\" class=\"yoast-schema-graph\">{\"@context\":\"https:\/\/schema.org\",\"@graph\":[{\"@type\":\"Article\",\"@id\":\"https:\/\/constant.univnt.ro\/index.php\/notificare-cu-privire-la-protectia-datelor-personale\/#article\",\"isPartOf\":{\"@id\":\"https:\/\/constant.univnt.ro\/index.php\/notificare-cu-privire-la-protectia-datelor-personale\/\"},\"author\":{\"name\":\"adming2\",\"@id\":\"https:\/\/constant.univnt.ro\/#\/schema\/person\/8495346b278de103e6976b978b6eec43\"},\"headline\":\"Notificare cu privire la protec\u021bia datelor personale\",\"datePublished\":\"2018-05-23T09:20:58+00:00\",\"dateModified\":\"2023-03-03T12:17:11+00:00\",\"mainEntityOfPage\":{\"@id\":\"https:\/\/constant.univnt.ro\/index.php\/notificare-cu-privire-la-protectia-datelor-personale\/\"},\"wordCount\":515,\"commentCount\":0,\"publisher\":{\"@id\":\"https:\/\/constant.univnt.ro\/#organization\"},\"articleSection\":[\"Stiri\"],\"inLanguage\":\"en-US\",\"potentialAction\":[{\"@type\":\"CommentAction\",\"name\":\"Comment\",\"target\":[\"https:\/\/constant.univnt.ro\/index.php\/notificare-cu-privire-la-protectia-datelor-personale\/#respond\"]}]},{\"@type\":\"WebPage\",\"@id\":\"https:\/\/constant.univnt.ro\/index.php\/notificare-cu-privire-la-protectia-datelor-personale\/\",\"url\":\"https:\/\/constant.univnt.ro\/index.php\/notificare-cu-privire-la-protectia-datelor-personale\/\",\"name\":\"Notificare cu privire la protec\u021bia datelor personale - CONSTANT - Conferin\u0163a studen\u0163easc\u0103 anual\u0103 &quot;Nicolae Titulescu&quot;\",\"isPartOf\":{\"@id\":\"https:\/\/constant.univnt.ro\/#website\"},\"datePublished\":\"2018-05-23T09:20:58+00:00\",\"dateModified\":\"2023-03-03T12:17:11+00:00\",\"breadcrumb\":{\"@id\":\"https:\/\/constant.univnt.ro\/index.php\/notificare-cu-privire-la-protectia-datelor-personale\/#breadcrumb\"},\"inLanguage\":\"en-US\",\"potentialAction\":[{\"@type\":\"ReadAction\",\"target\":[\"https:\/\/constant.univnt.ro\/index.php\/notificare-cu-privire-la-protectia-datelor-personale\/\"]}]},{\"@type\":\"BreadcrumbList\",\"@id\":\"https:\/\/constant.univnt.ro\/index.php\/notificare-cu-privire-la-protectia-datelor-personale\/#breadcrumb\",\"itemListElement\":[{\"@type\":\"ListItem\",\"position\":1,\"name\":\"Acas\u0103\",\"item\":\"https:\/\/constant.univnt.ro\/\"},{\"@type\":\"ListItem\",\"position\":2,\"name\":\"Notificare cu privire la protec\u021bia datelor personale\"}]},{\"@type\":\"WebSite\",\"@id\":\"https:\/\/constant.univnt.ro\/#website\",\"url\":\"https:\/\/constant.univnt.ro\/\",\"name\":\"CONSTANT - Conferin\u0163a studen\u0163easc\u0103 anual\u0103 &quot;Nicolae Titulescu&quot;\",\"description\":\"Conferin\u0163a studen\u0163easc\u0103 anual\u0103 &quot;Nicolae Titulescu&quot; CONSTANT\",\"publisher\":{\"@id\":\"https:\/\/constant.univnt.ro\/#organization\"},\"potentialAction\":[{\"@type\":\"SearchAction\",\"target\":{\"@type\":\"EntryPoint\",\"urlTemplate\":\"https:\/\/constant.univnt.ro\/?s={search_term_string}\"},\"query-input\":\"required name=search_term_string\"}],\"inLanguage\":\"en-US\"},{\"@type\":\"Organization\",\"@id\":\"https:\/\/constant.univnt.ro\/#organization\",\"name\":\"CONSTANT - Conferin\u0163a studen\u0163easc\u0103 anual\u0103 &quot;Nicolae Titulescu&quot;\",\"url\":\"https:\/\/constant.univnt.ro\/\",\"logo\":{\"@type\":\"ImageObject\",\"inLanguage\":\"en-US\",\"@id\":\"https:\/\/constant.univnt.ro\/#\/schema\/logo\/image\/\",\"url\":\"https:\/\/constant.univnt.ro\/wp-content\/uploads\/2022\/12\/cropped-logo-univnt.png\",\"contentUrl\":\"https:\/\/constant.univnt.ro\/wp-content\/uploads\/2022\/12\/cropped-logo-univnt.png\",\"width\":190,\"height\":190,\"caption\":\"CONSTANT - Conferin\u0163a studen\u0163easc\u0103 anual\u0103 &quot;Nicolae Titulescu&quot;\"},\"image\":{\"@id\":\"https:\/\/constant.univnt.ro\/#\/schema\/logo\/image\/\"}},{\"@type\":\"Person\",\"@id\":\"https:\/\/constant.univnt.ro\/#\/schema\/person\/8495346b278de103e6976b978b6eec43\",\"name\":\"adming2\",\"image\":{\"@type\":\"ImageObject\",\"inLanguage\":\"en-US\",\"@id\":\"https:\/\/constant.univnt.ro\/#\/schema\/person\/image\/\",\"url\":\"https:\/\/secure.gravatar.com\/avatar\/16d62d173eccc9d708a85833db3cd968?s=96&d=mm&r=g\",\"contentUrl\":\"https:\/\/secure.gravatar.com\/avatar\/16d62d173eccc9d708a85833db3cd968?s=96&d=mm&r=g\",\"caption\":\"adming2\"},\"sameAs\":[\"http:\/\/constant.univnt.ro\"],\"url\":\"https:\/\/constant.univnt.ro\/index.php\/author\/adming2\/\"}]}<\/script>\n<!-- \/ Yoast SEO plugin. -->","yoast_head_json":{"title":"Notificare cu privire la protec\u021bia datelor personale - CONSTANT - Conferin\u0163a studen\u0163easc\u0103 anual\u0103 &quot;Nicolae Titulescu&quot;","robots":{"index":"noindex","follow":"follow","max-snippet":"max-snippet:-1","max-image-preview":"max-image-preview:large","max-video-preview":"max-video-preview:-1"},"og_locale":"en_US","og_type":"article","og_title":"Notificare cu privire la protec\u021bia datelor personale - CONSTANT - Conferin\u0163a studen\u0163easc\u0103 anual\u0103 &quot;Nicolae Titulescu&quot;","og_description":"NOTIFICARE CU PRIVIRE LA PROTEC\u021aIA DATELOR PERSONALE PENTRU PARTICIPAN\u0162II LA MANIFEST\u0102RILE \u015eTIIN\u0162IFICE ORGANIZATE DE UNIVERSITATEA \u201eNICOLAE TITULESCU\u201d DIN BUCURE\u015eTI Stimate Coleg, V\u0103 transmitem prezentul e-mail \u00een leg\u0103tur\u0103 cu aplicarea de la 25 mai 2018 a prevederilor Regulamentului (UE) 2016\/679 al Parlamentului european \u0219i al Consiliului din 27 aprilie 2016 privind protec\u021bia persoanelor fizice \u00een ceea [&hellip;]","og_url":"https:\/\/constant.univnt.ro\/index.php\/notificare-cu-privire-la-protectia-datelor-personale\/","og_site_name":"CONSTANT - Conferin\u0163a studen\u0163easc\u0103 anual\u0103 &quot;Nicolae Titulescu&quot;","article_published_time":"2018-05-23T09:20:58+00:00","article_modified_time":"2023-03-03T12:17:11+00:00","author":"adming2","twitter_card":"summary_large_image","twitter_misc":{"Written by":"adming2","Est. reading time":"2 minutes"},"schema":{"@context":"https:\/\/schema.org","@graph":[{"@type":"Article","@id":"https:\/\/constant.univnt.ro\/index.php\/notificare-cu-privire-la-protectia-datelor-personale\/#article","isPartOf":{"@id":"https:\/\/constant.univnt.ro\/index.php\/notificare-cu-privire-la-protectia-datelor-personale\/"},"author":{"name":"adming2","@id":"https:\/\/constant.univnt.ro\/#\/schema\/person\/8495346b278de103e6976b978b6eec43"},"headline":"Notificare cu privire la protec\u021bia datelor personale","datePublished":"2018-05-23T09:20:58+00:00","dateModified":"2023-03-03T12:17:11+00:00","mainEntityOfPage":{"@id":"https:\/\/constant.univnt.ro\/index.php\/notificare-cu-privire-la-protectia-datelor-personale\/"},"wordCount":515,"commentCount":0,"publisher":{"@id":"https:\/\/constant.univnt.ro\/#organization"},"articleSection":["Stiri"],"inLanguage":"en-US","potentialAction":[{"@type":"CommentAction","name":"Comment","target":["https:\/\/constant.univnt.ro\/index.php\/notificare-cu-privire-la-protectia-datelor-personale\/#respond"]}]},{"@type":"WebPage","@id":"https:\/\/constant.univnt.ro\/index.php\/notificare-cu-privire-la-protectia-datelor-personale\/","url":"https:\/\/constant.univnt.ro\/index.php\/notificare-cu-privire-la-protectia-datelor-personale\/","name":"Notificare cu privire la protec\u021bia datelor personale - CONSTANT - Conferin\u0163a studen\u0163easc\u0103 anual\u0103 &quot;Nicolae Titulescu&quot;","isPartOf":{"@id":"https:\/\/constant.univnt.ro\/#website"},"datePublished":"2018-05-23T09:20:58+00:00","dateModified":"2023-03-03T12:17:11+00:00","breadcrumb":{"@id":"https:\/\/constant.univnt.ro\/index.php\/notificare-cu-privire-la-protectia-datelor-personale\/#breadcrumb"},"inLanguage":"en-US","potentialAction":[{"@type":"ReadAction","target":["https:\/\/constant.univnt.ro\/index.php\/notificare-cu-privire-la-protectia-datelor-personale\/"]}]},{"@type":"BreadcrumbList","@id":"https:\/\/constant.univnt.ro\/index.php\/notificare-cu-privire-la-protectia-datelor-personale\/#breadcrumb","itemListElement":[{"@type":"ListItem","position":1,"name":"Acas\u0103","item":"https:\/\/constant.univnt.ro\/"},{"@type":"ListItem","position":2,"name":"Notificare cu privire la protec\u021bia datelor personale"}]},{"@type":"WebSite","@id":"https:\/\/constant.univnt.ro\/#website","url":"https:\/\/constant.univnt.ro\/","name":"CONSTANT - Conferin\u0163a studen\u0163easc\u0103 anual\u0103 &quot;Nicolae Titulescu&quot;","description":"Conferin\u0163a studen\u0163easc\u0103 anual\u0103 &quot;Nicolae Titulescu&quot; CONSTANT","publisher":{"@id":"https:\/\/constant.univnt.ro\/#organization"},"potentialAction":[{"@type":"SearchAction","target":{"@type":"EntryPoint","urlTemplate":"https:\/\/constant.univnt.ro\/?s={search_term_string}"},"query-input":"required name=search_term_string"}],"inLanguage":"en-US"},{"@type":"Organization","@id":"https:\/\/constant.univnt.ro\/#organization","name":"CONSTANT - Conferin\u0163a studen\u0163easc\u0103 anual\u0103 &quot;Nicolae Titulescu&quot;","url":"https:\/\/constant.univnt.ro\/","logo":{"@type":"ImageObject","inLanguage":"en-US","@id":"https:\/\/constant.univnt.ro\/#\/schema\/logo\/image\/","url":"https:\/\/constant.univnt.ro\/wp-content\/uploads\/2022\/12\/cropped-logo-univnt.png","contentUrl":"https:\/\/constant.univnt.ro\/wp-content\/uploads\/2022\/12\/cropped-logo-univnt.png","width":190,"height":190,"caption":"CONSTANT - Conferin\u0163a studen\u0163easc\u0103 anual\u0103 &quot;Nicolae Titulescu&quot;"},"image":{"@id":"https:\/\/constant.univnt.ro\/#\/schema\/logo\/image\/"}},{"@type":"Person","@id":"https:\/\/constant.univnt.ro\/#\/schema\/person\/8495346b278de103e6976b978b6eec43","name":"adming2","image":{"@type":"ImageObject","inLanguage":"en-US","@id":"https:\/\/constant.univnt.ro\/#\/schema\/person\/image\/","url":"https:\/\/secure.gravatar.com\/avatar\/16d62d173eccc9d708a85833db3cd968?s=96&d=mm&r=g","contentUrl":"https:\/\/secure.gravatar.com\/avatar\/16d62d173eccc9d708a85833db3cd968?s=96&d=mm&r=g","caption":"adming2"},"sameAs":["http:\/\/constant.univnt.ro"],"url":"https:\/\/constant.univnt.ro\/index.php\/author\/adming2\/"}]}},"_links":{"self":[{"href":"https:\/\/constant.univnt.ro\/index.php\/wp-json\/wp\/v2\/posts\/1277"}],"collection":[{"href":"https:\/\/constant.univnt.ro\/index.php\/wp-json\/wp\/v2\/posts"}],"about":[{"href":"https:\/\/constant.univnt.ro\/index.php\/wp-json\/wp\/v2\/types\/post"}],"author":[{"embeddable":true,"href":"https:\/\/constant.univnt.ro\/index.php\/wp-json\/wp\/v2\/users\/1"}],"replies":[{"embeddable":true,"href":"https:\/\/constant.univnt.ro\/index.php\/wp-json\/wp\/v2\/comments?post=1277"}],"version-history":[{"count":1,"href":"https:\/\/constant.univnt.ro\/index.php\/wp-json\/wp\/v2\/posts\/1277\/revisions"}],"predecessor-version":[{"id":1278,"href":"https:\/\/constant.univnt.ro\/index.php\/wp-json\/wp\/v2\/posts\/1277\/revisions\/1278"}],"wp:attachment":[{"href":"https:\/\/constant.univnt.ro\/index.php\/wp-json\/wp\/v2\/media?parent=1277"}],"wp:term":[{"taxonomy":"category","embeddable":true,"href":"https:\/\/constant.univnt.ro\/index.php\/wp-json\/wp\/v2\/categories?post=1277"},{"taxonomy":"post_tag","embeddable":true,"href":"https:\/\/constant.univnt.ro\/index.php\/wp-json\/wp\/v2\/tags?post=1277"}],"curies":[{"name":"wp","href":"https:\/\/api.w.org\/{rel}","templated":true}]}}